{"id":3938,"date":"2014-10-24T18:59:27","date_gmt":"2014-10-24T16:59:27","guid":{"rendered":"http:\/\/www.ajkvannes.com\/?p=3938"},"modified":"2014-10-24T18:59:27","modified_gmt":"2014-10-24T16:59:27","slug":"des-jeunes-dynamiques","status":"publish","type":"post","link":"https:\/\/www.ajkvannes.com\/?p=3938","title":{"rendered":"Des jeunes dynamiques"},"content":{"rendered":"<div style=\"padding-bottom:20px; padding-top:10px;\" class=\"hupso-share-buttons\"><!-- Hupso Share Buttons - https:\/\/www.hupso.com\/share\/ --><a class=\"hupso_toolbar\" href=\"https:\/\/www.hupso.com\/share\/\"><img decoding=\"async\" src=\"https:\/\/static.hupso.com\/share\/buttons\/dot.png\" style=\"border:0px; padding-top: 5px; float:left;\" alt=\"Share Button\"\/><\/a><script type=\"text\/javascript\">var hupso_services_t=new Array(\"Twitter\",\"Facebook\",\"Google Plus\",\"Print\");var hupso_background_t=\"#EAF4FF\";var hupso_border_t=\"#66CCFF\";var hupso_toolbar_size_t=\"big\";var hupso_image_folder_url = \"\";var hupso_url_t=\"\";var hupso_title_t=\"Des%20jeunes%20dynamiques\";<\/script><script type=\"text\/javascript\" src=\"https:\/\/static.hupso.com\/share\/js\/share_toolbar.js\"><\/script><!-- Hupso Share Buttons --><\/div><p>Pendant les vacances scolaires, Fanny participe \u00e0 un stage Elite. Alexis, Maxime, Hugo et Paul participent \u00e0 un stage Perfectionnement. Bravo \u00e0 eux pour leur investissement.<\/p>\n<p>Une vingtaine de jeunes s&rsquo;entra\u00eenent le mardi soir, ils re\u00e7oivent les conseils d&rsquo;H\u00e9l\u00e8ne \u00e9paul\u00e9e par Jean-Pierre.<\/p>\n<p>Le mercredi, ce sont 12-13 jeunes qui s&rsquo;entra\u00eenent \u00e0 la salle Joseph Le Brix avec Jonathan et Jean-Pierre.<\/p>\n","protected":false},"excerpt":{"rendered":"<p>Pendant les vacances scolaires, Fanny participe \u00e0 un stage Elite. Alexis, Maxime, Hugo et Paul participent \u00e0 un stage Perfectionnement. Bravo \u00e0 eux pour leur investissement. Une vingtaine de jeunes s&rsquo;entra\u00eenent le mardi soir, ils re\u00e7oivent les conseils d&rsquo;H\u00e9l\u00e8ne \u00e9paul\u00e9e par Jean-Pierre. Le mercredi, ce sont 12-13 jeunes qui s&rsquo;entra\u00eenent \u00e0 la salle Joseph Le &hellip; <\/p>\n<p><a class=\"more-link btn\" href=\"https:\/\/www.ajkvannes.com\/?p=3938\">Lire la suite<\/a><\/p>\n","protected":false},"author":1,"featured_media":0,"comment_status":"closed","ping_status":"closed","sticky":false,"template":"","format":"standard","meta":{"ngg_post_thumbnail":0,"footnotes":""},"categories":[3],"tags":[],"class_list":["post-3938","post","type-post","status-publish","format-standard","hentry","category-cat-1","item-wrap"],"_links":{"self":[{"href":"https:\/\/www.ajkvannes.com\/index.php?rest_route=\/wp\/v2\/posts\/3938","targetHints":{"allow":["GET"]}}],"collection":[{"href":"https:\/\/www.ajkvannes.com\/index.php?rest_route=\/wp\/v2\/posts"}],"about":[{"href":"https:\/\/www.ajkvannes.com\/index.php?rest_route=\/wp\/v2\/types\/post"}],"author":[{"embeddable":true,"href":"https:\/\/www.ajkvannes.com\/index.php?rest_route=\/wp\/v2\/users\/1"}],"replies":[{"embeddable":true,"href":"https:\/\/www.ajkvannes.com\/index.php?rest_route=%2Fwp%2Fv2%2Fcomments&post=3938"}],"version-history":[{"count":1,"href":"https:\/\/www.ajkvannes.com\/index.php?rest_route=\/wp\/v2\/posts\/3938\/revisions"}],"predecessor-version":[{"id":3939,"href":"https:\/\/www.ajkvannes.com\/index.php?rest_route=\/wp\/v2\/posts\/3938\/revisions\/3939"}],"wp:attachment":[{"href":"https:\/\/www.ajkvannes.com\/index.php?rest_route=%2Fwp%2Fv2%2Fmedia&parent=3938"}],"wp:term":[{"taxonomy":"category","embeddable":true,"href":"https:\/\/www.ajkvannes.com\/index.php?rest_route=%2Fwp%2Fv2%2Fcategories&post=3938"},{"taxonomy":"post_tag","embeddable":true,"href":"https:\/\/www.ajkvannes.com\/index.php?rest_route=%2Fwp%2Fv2%2Ftags&post=3938"}],"curies":[{"name":"wp","href":"https:\/\/api.w.org\/{rel}","templated":true}]}}