{"id":7126,"date":"2018-02-05T19:25:21","date_gmt":"2018-02-05T18:25:21","guid":{"rendered":"http:\/\/www.ajkvannes.com\/?p=7126"},"modified":"2018-02-06T15:13:30","modified_gmt":"2018-02-06T14:13:30","slug":"defaite-serree-de-la-r2","status":"publish","type":"post","link":"http:\/\/www.ajkvannes.com\/?p=7126","title":{"rendered":"D\u00e9faite serr\u00e9e de la R2"},"content":{"rendered":"<div style=\"padding-bottom:20px; padding-top:10px;\" class=\"hupso-share-buttons\"><!-- Hupso Share Buttons - https:\/\/www.hupso.com\/share\/ --><a class=\"hupso_toolbar\" href=\"https:\/\/www.hupso.com\/share\/\"><img decoding=\"async\" src=\"http:\/\/static.hupso.com\/share\/buttons\/dot.png\" style=\"border:0px; padding-top: 5px; float:left;\" alt=\"Share Button\"\/><\/a><script type=\"text\/javascript\">var hupso_services_t=new Array(\"Twitter\",\"Facebook\",\"Google Plus\",\"Print\");var hupso_background_t=\"#EAF4FF\";var hupso_border_t=\"#66CCFF\";var hupso_toolbar_size_t=\"big\";var hupso_image_folder_url = \"\";var hupso_url_t=\"\";var hupso_title_t=\"D%C3%A9faite%20serr%C3%A9e%20de%20la%20R2\";<\/script><script type=\"text\/javascript\" src=\"http:\/\/static.hupso.com\/share\/js\/share_toolbar.js\"><\/script><!-- Hupso Share Buttons --><\/div><p>L\u2019\u00e9quipe masculine de R\u00e9gionale 2 se d\u00e9pla\u00e7ait \u00e0 Saint-Malo avec Benoit en rempla\u00e7ant de Nicolas.<\/p>\n<p>Malgre un sans faute de Thomas et son excellente perf\u2019 sur un class\u00e9 19, les vannetais s\u2019inclinent 8-6. La perte des deux doubles p\u00e8se beaucoup.<\/p>\n<p>En vid\u00e9o, Thomas contre Antoine Verdier (19).<\/p>\n<div style=\"width: 750px;\" class=\"wp-video\"><video class=\"wp-video-shortcode\" id=\"video-7126-1\" width=\"750\" height=\"422\" preload=\"metadata\" controls=\"controls\"><source type=\"video\/mp4\" src=\"http:\/\/www.ajkvannes.com\/wp-content\/uploads\/2018\/02\/IMG_7089.mp4?_=1\" \/><a href=\"http:\/\/www.ajkvannes.com\/wp-content\/uploads\/2018\/02\/IMG_7089.mp4\">http:\/\/www.ajkvannes.com\/wp-content\/uploads\/2018\/02\/IMG_7089.mp4<\/a><\/video><\/div>\n","protected":false},"excerpt":{"rendered":"<p>L\u2019\u00e9quipe masculine de R\u00e9gionale 2 se d\u00e9pla\u00e7ait \u00e0 Saint-Malo avec Benoit en rempla\u00e7ant de Nicolas. Malgre un sans faute de Thomas et son excellente perf\u2019 sur un class\u00e9 19, les vannetais s\u2019inclinent 8-6. La perte des deux doubles p\u00e8se beaucoup. En vid\u00e9o, Thomas contre Antoine Verdier (19).<\/p>\n","protected":false},"author":1,"featured_media":0,"comment_status":"closed","ping_status":"closed","sticky":false,"template":"","format":"standard","meta":{"ngg_post_thumbnail":0,"footnotes":""},"categories":[4,8],"tags":[],"class_list":["post-7126","post","type-post","status-publish","format-standard","hentry","category-cat-2","category-resultats","item-wrap"],"_links":{"self":[{"href":"http:\/\/www.ajkvannes.com\/index.php?rest_route=\/wp\/v2\/posts\/7126","targetHints":{"allow":["GET"]}}],"collection":[{"href":"http:\/\/www.ajkvannes.com\/index.php?rest_route=\/wp\/v2\/posts"}],"about":[{"href":"http:\/\/www.ajkvannes.com\/index.php?rest_route=\/wp\/v2\/types\/post"}],"author":[{"embeddable":true,"href":"http:\/\/www.ajkvannes.com\/index.php?rest_route=\/wp\/v2\/users\/1"}],"replies":[{"embeddable":true,"href":"http:\/\/www.ajkvannes.com\/index.php?rest_route=%2Fwp%2Fv2%2Fcomments&post=7126"}],"version-history":[{"count":4,"href":"http:\/\/www.ajkvannes.com\/index.php?rest_route=\/wp\/v2\/posts\/7126\/revisions"}],"predecessor-version":[{"id":7136,"href":"http:\/\/www.ajkvannes.com\/index.php?rest_route=\/wp\/v2\/posts\/7126\/revisions\/7136"}],"wp:attachment":[{"href":"http:\/\/www.ajkvannes.com\/index.php?rest_route=%2Fwp%2Fv2%2Fmedia&parent=7126"}],"wp:term":[{"taxonomy":"category","embeddable":true,"href":"http:\/\/www.ajkvannes.com\/index.php?rest_route=%2Fwp%2Fv2%2Fcategories&post=7126"},{"taxonomy":"post_tag","embeddable":true,"href":"http:\/\/www.ajkvannes.com\/index.php?rest_route=%2Fwp%2Fv2%2Ftags&post=7126"}],"curies":[{"name":"wp","href":"https:\/\/api.w.org\/{rel}","templated":true}]}}