{"id":7047,"date":"2017-12-18T20:59:45","date_gmt":"2017-12-18T19:59:45","guid":{"rendered":"http:\/\/www.ajkvannes.com\/?p=7047"},"modified":"2017-12-18T20:59:45","modified_gmt":"2017-12-18T19:59:45","slug":"descente-en-n2-pour-lequipe-feminine","status":"publish","type":"post","link":"http:\/\/www.ajkvannes.com\/?p=7047","title":{"rendered":"Descente en N2 pour l&rsquo;\u00e9quipe f\u00e9minine"},"content":{"rendered":"<div style=\"padding-bottom:20px; padding-top:10px;\" class=\"hupso-share-buttons\"><!-- Hupso Share Buttons - https:\/\/www.hupso.com\/share\/ --><a class=\"hupso_toolbar\" href=\"https:\/\/www.hupso.com\/share\/\"><img decoding=\"async\" src=\"http:\/\/static.hupso.com\/share\/buttons\/dot.png\" style=\"border:0px; padding-top: 5px; float:left;\" alt=\"Share Button\"\/><\/a><script type=\"text\/javascript\">var hupso_services_t=new Array(\"Twitter\",\"Facebook\",\"Google Plus\",\"Print\");var hupso_background_t=\"#EAF4FF\";var hupso_border_t=\"#66CCFF\";var hupso_toolbar_size_t=\"big\";var hupso_image_folder_url = \"\";var hupso_url_t=\"\";var hupso_title_t=\"Descente%20en%20N2%20pour%20l%27%C3%A9quipe%20f%C3%A9minine\";<\/script><script type=\"text\/javascript\" src=\"http:\/\/static.hupso.com\/share\/js\/share_toolbar.js\"><\/script><!-- Hupso Share Buttons --><\/div><p>La premi\u00e8re phase de la saison a \u00e9t\u00e9 compliqu\u00e9e pour les filles de l&rsquo;AJK qui n&rsquo;ont remport\u00e9 qu&rsquo;un seul match en 7 journ\u00e9es. La derni\u00e8re rencontre face \u00e0 l&rsquo;entente St Pierraise montrait bien la diff\u00e9rence de niveau qu&rsquo;il pouvait y avoir entre une \u00e9quipe de haut de tableau et une de bas de tableau. Les \u00e9carts de classements des joueuses \u00e9taient tr\u00e8s importants aussi.<\/p>\n<p>Les Vannetaises retrouveront donc la Nationale 2 en janvier et avec Lois et Emily le haut de tableau sera l&rsquo;objectif de l&rsquo;\u00e9quipe.<\/p>\n","protected":false},"excerpt":{"rendered":"<p>La premi\u00e8re phase de la saison a \u00e9t\u00e9 compliqu\u00e9e pour les filles de l&rsquo;AJK qui n&rsquo;ont remport\u00e9 qu&rsquo;un seul match en 7 journ\u00e9es. La derni\u00e8re rencontre face \u00e0 l&rsquo;entente St Pierraise montrait bien la diff\u00e9rence de niveau qu&rsquo;il pouvait y avoir entre une \u00e9quipe de haut de tableau et une de bas de tableau. Les &hellip; <\/p>\n<p><a class=\"more-link btn\" href=\"http:\/\/www.ajkvannes.com\/?p=7047\">Lire la suite<\/a><\/p>\n","protected":false},"author":1,"featured_media":0,"comment_status":"closed","ping_status":"closed","sticky":false,"template":"","format":"standard","meta":{"ngg_post_thumbnail":0,"footnotes":""},"categories":[4,8],"tags":[],"class_list":["post-7047","post","type-post","status-publish","format-standard","hentry","category-cat-2","category-resultats","item-wrap"],"_links":{"self":[{"href":"http:\/\/www.ajkvannes.com\/index.php?rest_route=\/wp\/v2\/posts\/7047","targetHints":{"allow":["GET"]}}],"collection":[{"href":"http:\/\/www.ajkvannes.com\/index.php?rest_route=\/wp\/v2\/posts"}],"about":[{"href":"http:\/\/www.ajkvannes.com\/index.php?rest_route=\/wp\/v2\/types\/post"}],"author":[{"embeddable":true,"href":"http:\/\/www.ajkvannes.com\/index.php?rest_route=\/wp\/v2\/users\/1"}],"replies":[{"embeddable":true,"href":"http:\/\/www.ajkvannes.com\/index.php?rest_route=%2Fwp%2Fv2%2Fcomments&post=7047"}],"version-history":[{"count":1,"href":"http:\/\/www.ajkvannes.com\/index.php?rest_route=\/wp\/v2\/posts\/7047\/revisions"}],"predecessor-version":[{"id":7048,"href":"http:\/\/www.ajkvannes.com\/index.php?rest_route=\/wp\/v2\/posts\/7047\/revisions\/7048"}],"wp:attachment":[{"href":"http:\/\/www.ajkvannes.com\/index.php?rest_route=%2Fwp%2Fv2%2Fmedia&parent=7047"}],"wp:term":[{"taxonomy":"category","embeddable":true,"href":"http:\/\/www.ajkvannes.com\/index.php?rest_route=%2Fwp%2Fv2%2Fcategories&post=7047"},{"taxonomy":"post_tag","embeddable":true,"href":"http:\/\/www.ajkvannes.com\/index.php?rest_route=%2Fwp%2Fv2%2Ftags&post=7047"}],"curies":[{"name":"wp","href":"https:\/\/api.w.org\/{rel}","templated":true}]}}