{"id":6470,"date":"2017-01-31T21:36:45","date_gmt":"2017-01-31T20:36:45","guid":{"rendered":"http:\/\/www.ajkvannes.com\/?p=6470"},"modified":"2017-01-31T21:36:45","modified_gmt":"2017-01-31T20:36:45","slug":"resultats-du-3eme-tour-de-criterium-individuel","status":"publish","type":"post","link":"http:\/\/www.ajkvannes.com\/?p=6470","title":{"rendered":"R\u00e9sultats du 3eme tour de crit\u00e9rium individuel"},"content":{"rendered":"<div style=\"padding-bottom:20px; padding-top:10px;\" class=\"hupso-share-buttons\"><!-- Hupso Share Buttons - https:\/\/www.hupso.com\/share\/ --><a class=\"hupso_toolbar\" href=\"https:\/\/www.hupso.com\/share\/\"><img decoding=\"async\" src=\"http:\/\/static.hupso.com\/share\/buttons\/dot.png\" style=\"border:0px; padding-top: 5px; float:left;\" alt=\"Share Button\"\/><\/a><script type=\"text\/javascript\">var hupso_services_t=new Array(\"Twitter\",\"Facebook\",\"Google Plus\",\"Print\");var hupso_background_t=\"#EAF4FF\";var hupso_border_t=\"#66CCFF\";var hupso_toolbar_size_t=\"big\";var hupso_image_folder_url = \"\";var hupso_url_t=\"\";var hupso_title_t=\"R%C3%A9sultats%20du%203eme%20tour%20de%20crit%C3%A9rium%20individuel\";<\/script><script type=\"text\/javascript\" src=\"http:\/\/static.hupso.com\/share\/js\/share_toolbar.js\"><\/script><!-- Hupso Share Buttons --><\/div><p>Alors que le club organisait le tour de r\u00e9gional cadets &#8211; cadettes, des joueurs de l&rsquo;AJK se sont illustr\u00e9s ce week-end.<\/p>\n<p>Bravo \u00e0 Maxime Jouanneau qui termine 2 eme en D1 -13 ans et jouera donc en r\u00e9gional au prochain tour.<\/p>\n<p>bravo aussi \u00e0 \u00c9milien qui apr\u00e8s avoir fini 1er en D4 au tour pr\u00e9c\u00e9dent, termine 1er en D3.<\/p>\n<table>\n<tbody>\n<tr>\n<td>Thibaud<\/td>\n<td>9eme en R1<\/td>\n<\/tr>\n<tr>\n<td>Lionel<\/td>\n<td>7eme en D1<\/td>\n<\/tr>\n<tr>\n<td>St\u00e9phane<\/td>\n<td>10eme en D2<\/td>\n<\/tr>\n<tr>\n<td>Cyril<\/td>\n<td>16eme en D2<\/td>\n<\/tr>\n<tr>\n<td>Jeremi<\/td>\n<td>16eme en D2<\/td>\n<\/tr>\n<tr>\n<td>\u00c9milien<\/td>\n<td>1er en D3 et monte en D2<\/td>\n<\/tr>\n<tr>\n<td><\/td>\n<td><\/td>\n<\/tr>\n<tr>\n<td>Fanny<\/td>\n<td>11eme en -13 ans Zone Bretagne-Pays de Loire<\/td>\n<\/tr>\n<tr>\n<td>Maxime<\/td>\n<td>2eme D1 en -13 ans et monte en R\u00e9gional<\/td>\n<\/tr>\n<tr>\n<td>Paul<\/td>\n<td>5eme en D1 -15 ans<\/td>\n<\/tr>\n<tr>\n<td>Hugo<\/td>\n<td>12\u00e8me en D2 -15 ans<\/td>\n<\/tr>\n<tr>\n<td>Guenael<\/td>\n<td>12\u00e8me en D1 -18 ans<\/td>\n<\/tr>\n<tr>\n<td>L\u00e9o<\/td>\n<td>16eme en D1 -18 ans<\/td>\n<\/tr>\n<\/tbody>\n<\/table>\n<p><img loading=\"lazy\" decoding=\"async\" class=\"aligncenter size-full wp-image-6471\" src=\"http:\/\/www.ajkvannes.com\/wp-content\/uploads\/2017\/01\/IMG_5929.jpg\" alt=\"\" width=\"306\" height=\"408\" srcset=\"http:\/\/www.ajkvannes.com\/wp-content\/uploads\/2017\/01\/IMG_5929.jpg 306w, http:\/\/www.ajkvannes.com\/wp-content\/uploads\/2017\/01\/IMG_5929-150x200.jpg 150w, http:\/\/www.ajkvannes.com\/wp-content\/uploads\/2017\/01\/IMG_5929-225x300.jpg 225w\" sizes=\"auto, (max-width: 306px) 100vw, 306px\" \/>Fanny accompagn\u00e9e d&rsquo;Elo\u00efse qui l&rsquo;a coach\u00e9e aux indivs \u00e0 Lannion.<\/p>\n","protected":false},"excerpt":{"rendered":"<p>Alors que le club organisait le tour de r\u00e9gional cadets &#8211; cadettes, des joueurs de l&rsquo;AJK se sont illustr\u00e9s ce week-end. Bravo \u00e0 Maxime Jouanneau qui termine 2 eme en D1 -13 ans et jouera donc en r\u00e9gional au prochain tour. bravo aussi \u00e0 \u00c9milien qui apr\u00e8s avoir fini 1er en D4 au tour pr\u00e9c\u00e9dent, &hellip; <\/p>\n<p><a class=\"more-link btn\" href=\"http:\/\/www.ajkvannes.com\/?p=6470\">Lire la suite<\/a><\/p>\n","protected":false},"author":1,"featured_media":0,"comment_status":"closed","ping_status":"closed","sticky":false,"template":"","format":"standard","meta":{"ngg_post_thumbnail":0,"footnotes":""},"categories":[8],"tags":[],"class_list":["post-6470","post","type-post","status-publish","format-standard","hentry","category-resultats","item-wrap"],"_links":{"self":[{"href":"http:\/\/www.ajkvannes.com\/index.php?rest_route=\/wp\/v2\/posts\/6470","targetHints":{"allow":["GET"]}}],"collection":[{"href":"http:\/\/www.ajkvannes.com\/index.php?rest_route=\/wp\/v2\/posts"}],"about":[{"href":"http:\/\/www.ajkvannes.com\/index.php?rest_route=\/wp\/v2\/types\/post"}],"author":[{"embeddable":true,"href":"http:\/\/www.ajkvannes.com\/index.php?rest_route=\/wp\/v2\/users\/1"}],"replies":[{"embeddable":true,"href":"http:\/\/www.ajkvannes.com\/index.php?rest_route=%2Fwp%2Fv2%2Fcomments&post=6470"}],"version-history":[{"count":1,"href":"http:\/\/www.ajkvannes.com\/index.php?rest_route=\/wp\/v2\/posts\/6470\/revisions"}],"predecessor-version":[{"id":6472,"href":"http:\/\/www.ajkvannes.com\/index.php?rest_route=\/wp\/v2\/posts\/6470\/revisions\/6472"}],"wp:attachment":[{"href":"http:\/\/www.ajkvannes.com\/index.php?rest_route=%2Fwp%2Fv2%2Fmedia&parent=6470"}],"wp:term":[{"taxonomy":"category","embeddable":true,"href":"http:\/\/www.ajkvannes.com\/index.php?rest_route=%2Fwp%2Fv2%2Fcategories&post=6470"},{"taxonomy":"post_tag","embeddable":true,"href":"http:\/\/www.ajkvannes.com\/index.php?rest_route=%2Fwp%2Fv2%2Ftags&post=6470"}],"curies":[{"name":"wp","href":"https:\/\/api.w.org\/{rel}","templated":true}]}}