{"id":6465,"date":"2017-01-25T17:27:42","date_gmt":"2017-01-25T16:27:42","guid":{"rendered":"http:\/\/www.ajkvannes.com\/?p=6465"},"modified":"2017-01-25T17:27:42","modified_gmt":"2017-01-25T16:27:42","slug":"dimanche-29-janvier-criterium-federal-n3","status":"publish","type":"post","link":"http:\/\/www.ajkvannes.com\/?p=6465","title":{"rendered":"Dimanche 29 janvier Crit\u00e9rium f\u00e9d\u00e9ral n\u00b03"},"content":{"rendered":"<div style=\"padding-bottom:20px; padding-top:10px;\" class=\"hupso-share-buttons\"><!-- Hupso Share Buttons - https:\/\/www.hupso.com\/share\/ --><a class=\"hupso_toolbar\" href=\"https:\/\/www.hupso.com\/share\/\"><img decoding=\"async\" src=\"http:\/\/static.hupso.com\/share\/buttons\/dot.png\" style=\"border:0px; padding-top: 5px; float:left;\" alt=\"Share Button\"\/><\/a><script type=\"text\/javascript\">var hupso_services_t=new Array(\"Twitter\",\"Facebook\",\"Google Plus\",\"Print\");var hupso_background_t=\"#EAF4FF\";var hupso_border_t=\"#66CCFF\";var hupso_toolbar_size_t=\"big\";var hupso_image_folder_url = \"\";var hupso_url_t=\"\";var hupso_title_t=\"Dimanche%2029%20janvier%20Crit%C3%A9rium%20f%C3%A9d%C3%A9ral%20n%C2%B03\";<\/script><script type=\"text\/javascript\" src=\"http:\/\/static.hupso.com\/share\/js\/share_toolbar.js\"><\/script><!-- Hupso Share Buttons --><\/div><p>Le club organise le 3eme tour du crit\u00e9rium f\u00e9d\u00e9ral r\u00e9gional cadets et cadettes.<\/p>\n<p>une douzaine de tables sera install\u00e9e pour l&rsquo;occasion dans la salle 1 du complexe sportif de Kercado.<\/p>\n<p>Debut de la comp\u00e9tition \u00e0 10h00.<\/p>\n<p>Les b\u00e9n\u00e9voles sont les bienvenus pour le montage de la salle le samedi soir \u00e0 partir de 19:00.<\/p>\n<p>Nous aurons besoin de volontaires aussi pour tenir la buvette dans la journ\u00e9e et aider au d\u00e9montage \u00e0 la fin de l&rsquo;\u00e9preuve.<\/p>\n<p>&nbsp;<\/p>\n<p>&nbsp;<\/p>\n","protected":false},"excerpt":{"rendered":"<p>Le club organise le 3eme tour du crit\u00e9rium f\u00e9d\u00e9ral r\u00e9gional cadets et cadettes. une douzaine de tables sera install\u00e9e pour l&rsquo;occasion dans la salle 1 du complexe sportif de Kercado. Debut de la comp\u00e9tition \u00e0 10h00. Les b\u00e9n\u00e9voles sont les bienvenus pour le montage de la salle le samedi soir \u00e0 partir de 19:00. Nous &hellip; <\/p>\n<p><a class=\"more-link btn\" href=\"http:\/\/www.ajkvannes.com\/?p=6465\">Lire la suite<\/a><\/p>\n","protected":false},"author":1,"featured_media":0,"comment_status":"closed","ping_status":"closed","sticky":false,"template":"","format":"standard","meta":{"ngg_post_thumbnail":0,"footnotes":""},"categories":[1],"tags":[],"class_list":["post-6465","post","type-post","status-publish","format-standard","hentry","category-non-classe","item-wrap"],"_links":{"self":[{"href":"http:\/\/www.ajkvannes.com\/index.php?rest_route=\/wp\/v2\/posts\/6465","targetHints":{"allow":["GET"]}}],"collection":[{"href":"http:\/\/www.ajkvannes.com\/index.php?rest_route=\/wp\/v2\/posts"}],"about":[{"href":"http:\/\/www.ajkvannes.com\/index.php?rest_route=\/wp\/v2\/types\/post"}],"author":[{"embeddable":true,"href":"http:\/\/www.ajkvannes.com\/index.php?rest_route=\/wp\/v2\/users\/1"}],"replies":[{"embeddable":true,"href":"http:\/\/www.ajkvannes.com\/index.php?rest_route=%2Fwp%2Fv2%2Fcomments&post=6465"}],"version-history":[{"count":1,"href":"http:\/\/www.ajkvannes.com\/index.php?rest_route=\/wp\/v2\/posts\/6465\/revisions"}],"predecessor-version":[{"id":6466,"href":"http:\/\/www.ajkvannes.com\/index.php?rest_route=\/wp\/v2\/posts\/6465\/revisions\/6466"}],"wp:attachment":[{"href":"http:\/\/www.ajkvannes.com\/index.php?rest_route=%2Fwp%2Fv2%2Fmedia&parent=6465"}],"wp:term":[{"taxonomy":"category","embeddable":true,"href":"http:\/\/www.ajkvannes.com\/index.php?rest_route=%2Fwp%2Fv2%2Fcategories&post=6465"},{"taxonomy":"post_tag","embeddable":true,"href":"http:\/\/www.ajkvannes.com\/index.php?rest_route=%2Fwp%2Fv2%2Ftags&post=6465"}],"curies":[{"name":"wp","href":"https:\/\/api.w.org\/{rel}","templated":true}]}}