{"id":6440,"date":"2016-11-28T20:37:06","date_gmt":"2016-11-28T19:37:06","guid":{"rendered":"http:\/\/www.ajkvannes.com\/?p=6440"},"modified":"2016-11-28T20:37:06","modified_gmt":"2016-11-28T19:37:06","slug":"resultats-2-eme-tour-de-criterium","status":"publish","type":"post","link":"http:\/\/www.ajkvannes.com\/?p=6440","title":{"rendered":"Resultats 2 eme tour de criterium"},"content":{"rendered":"<div style=\"padding-bottom:20px; padding-top:10px;\" class=\"hupso-share-buttons\"><!-- Hupso Share Buttons - https:\/\/www.hupso.com\/share\/ --><a class=\"hupso_toolbar\" href=\"https:\/\/www.hupso.com\/share\/\"><img decoding=\"async\" src=\"http:\/\/static.hupso.com\/share\/buttons\/dot.png\" style=\"border:0px; padding-top: 5px; float:left;\" alt=\"Share Button\"\/><\/a><script type=\"text\/javascript\">var hupso_services_t=new Array(\"Twitter\",\"Facebook\",\"Google Plus\",\"Print\");var hupso_background_t=\"#EAF4FF\";var hupso_border_t=\"#66CCFF\";var hupso_toolbar_size_t=\"big\";var hupso_image_folder_url = \"\";var hupso_url_t=\"\";var hupso_title_t=\"Resultats%202%20eme%20tour%20de%20criterium\";<\/script><script type=\"text\/javascript\" src=\"http:\/\/static.hupso.com\/share\/js\/share_toolbar.js\"><\/script><!-- Hupso Share Buttons --><\/div><p>F\u00e9licitations \u00e0 \u00c9milien Schuler qui termine \u00e0 la 1\u00e8re place en D4 seniors messieurs.<\/p>\n<p>Lionel Touseau 9eme en D1<\/p>\n<p>Cyril David 2eme et St\u00e9phane Pujol 7eme en D2<\/p>\n<p>Jeremi Maltaverne 4eme en D3<\/p>\n<p>Dans les cat\u00e9gories jeunes :<\/p>\n<p>Bravo \u00e0 \u00a0Guenael qui termine 2eme en -18 ans D2 et \u00e0 L\u00e9o qui finit 4eme<\/p>\n<p>Hugo Ganu 10eme en -15 ans D2<\/p>\n<p>Paul Turlais 3eme en -15 ans D1<\/p>\n<p>Maxime Jouanneau 4eme en -13 ans D1<\/p>\n<p>Fanny Cobrun 1\u00e8re en R\u00e9gionale minimes et monte en Nationale.<\/p>\n<p>Bravo \u00e0 tous les repr\u00e9sentants du club.<\/p>\n","protected":false},"excerpt":{"rendered":"<p>F\u00e9licitations \u00e0 \u00c9milien Schuler qui termine \u00e0 la 1\u00e8re place en D4 seniors messieurs. Lionel Touseau 9eme en D1 Cyril David 2eme et St\u00e9phane Pujol 7eme en D2 Jeremi Maltaverne 4eme en D3 Dans les cat\u00e9gories jeunes : Bravo \u00e0 \u00a0Guenael qui termine 2eme en -18 ans D2 et \u00e0 L\u00e9o qui finit 4eme Hugo &hellip; <\/p>\n<p><a class=\"more-link btn\" href=\"http:\/\/www.ajkvannes.com\/?p=6440\">Lire la suite<\/a><\/p>\n","protected":false},"author":1,"featured_media":0,"comment_status":"closed","ping_status":"closed","sticky":false,"template":"","format":"standard","meta":{"ngg_post_thumbnail":0,"footnotes":""},"categories":[1],"tags":[],"class_list":["post-6440","post","type-post","status-publish","format-standard","hentry","category-non-classe","item-wrap"],"_links":{"self":[{"href":"http:\/\/www.ajkvannes.com\/index.php?rest_route=\/wp\/v2\/posts\/6440","targetHints":{"allow":["GET"]}}],"collection":[{"href":"http:\/\/www.ajkvannes.com\/index.php?rest_route=\/wp\/v2\/posts"}],"about":[{"href":"http:\/\/www.ajkvannes.com\/index.php?rest_route=\/wp\/v2\/types\/post"}],"author":[{"embeddable":true,"href":"http:\/\/www.ajkvannes.com\/index.php?rest_route=\/wp\/v2\/users\/1"}],"replies":[{"embeddable":true,"href":"http:\/\/www.ajkvannes.com\/index.php?rest_route=%2Fwp%2Fv2%2Fcomments&post=6440"}],"version-history":[{"count":1,"href":"http:\/\/www.ajkvannes.com\/index.php?rest_route=\/wp\/v2\/posts\/6440\/revisions"}],"predecessor-version":[{"id":6441,"href":"http:\/\/www.ajkvannes.com\/index.php?rest_route=\/wp\/v2\/posts\/6440\/revisions\/6441"}],"wp:attachment":[{"href":"http:\/\/www.ajkvannes.com\/index.php?rest_route=%2Fwp%2Fv2%2Fmedia&parent=6440"}],"wp:term":[{"taxonomy":"category","embeddable":true,"href":"http:\/\/www.ajkvannes.com\/index.php?rest_route=%2Fwp%2Fv2%2Fcategories&post=6440"},{"taxonomy":"post_tag","embeddable":true,"href":"http:\/\/www.ajkvannes.com\/index.php?rest_route=%2Fwp%2Fv2%2Ftags&post=6440"}],"curies":[{"name":"wp","href":"https:\/\/api.w.org\/{rel}","templated":true}]}}