{"id":6421,"date":"2016-11-17T23:43:40","date_gmt":"2016-11-17T22:43:40","guid":{"rendered":"http:\/\/www.ajkvannes.com\/?p=6421"},"modified":"2016-11-17T23:43:41","modified_gmt":"2016-11-17T22:43:41","slug":"fanny-et-maxime-au-top","status":"publish","type":"post","link":"http:\/\/www.ajkvannes.com\/?p=6421","title":{"rendered":"Fanny et Maxime AU TOP"},"content":{"rendered":"<div style=\"padding-bottom:20px; padding-top:10px;\" class=\"hupso-share-buttons\"><!-- Hupso Share Buttons - https:\/\/www.hupso.com\/share\/ --><a class=\"hupso_toolbar\" href=\"https:\/\/www.hupso.com\/share\/\"><img decoding=\"async\" src=\"http:\/\/static.hupso.com\/share\/buttons\/dot.png\" style=\"border:0px; padding-top: 5px; float:left;\" alt=\"Share Button\"\/><\/a><script type=\"text\/javascript\">var hupso_services_t=new Array(\"Twitter\",\"Facebook\",\"Google Plus\",\"Print\");var hupso_background_t=\"#EAF4FF\";var hupso_border_t=\"#66CCFF\";var hupso_toolbar_size_t=\"big\";var hupso_image_folder_url = \"\";var hupso_url_t=\"\";var hupso_title_t=\"Fanny%20et%20Maxime%20AU%20TOP\";<\/script><script type=\"text\/javascript\" src=\"http:\/\/static.hupso.com\/share\/js\/share_toolbar.js\"><\/script><!-- Hupso Share Buttons --><\/div><p>2 jeunes du club s&rsquo;illustrent en ce moment au niveau d\u00e9partemental. Il s&rsquo;agit de Fanny Cobrun et de Maxime Jouanneau. Ils ont particip\u00e9 au top d\u00e9partemental le vendredi 11 novembre \u00e0 Muzillac. Cette comp\u00e9tition regroupait 62 joueurs du Morbihan.<\/p>\n<p>Le lendemain, ils participaient \u00e0 une journ\u00e9e de regroupement du CLE et de d\u00e9tection qui avait lieu \u00e0 Caudan. Une bonne occasion pour eux de progresser davantage.<\/p>\n<p><img loading=\"lazy\" decoding=\"async\" class=\"aligncenter size-full wp-image-6423\" src=\"http:\/\/www.ajkvannes.com\/wp-content\/uploads\/2016\/11\/IMG_0313.jpg\" alt=\"img_0313\" width=\"500\" height=\"281\" srcset=\"http:\/\/www.ajkvannes.com\/wp-content\/uploads\/2016\/11\/IMG_0313.jpg 500w, http:\/\/www.ajkvannes.com\/wp-content\/uploads\/2016\/11\/IMG_0313-200x112.jpg 200w, http:\/\/www.ajkvannes.com\/wp-content\/uploads\/2016\/11\/IMG_0313-300x169.jpg 300w\" sizes=\"auto, (max-width: 500px) 100vw, 500px\" \/><\/p>\n<p>Top d\u00e9partemental \u00e0 Muzillac<\/p>\n<p><img loading=\"lazy\" decoding=\"async\" class=\"aligncenter size-full wp-image-6422\" src=\"http:\/\/www.ajkvannes.com\/wp-content\/uploads\/2016\/11\/IMG_0312.jpg\" alt=\"img_0312\" width=\"500\" height=\"281\" srcset=\"http:\/\/www.ajkvannes.com\/wp-content\/uploads\/2016\/11\/IMG_0312.jpg 500w, http:\/\/www.ajkvannes.com\/wp-content\/uploads\/2016\/11\/IMG_0312-200x112.jpg 200w, http:\/\/www.ajkvannes.com\/wp-content\/uploads\/2016\/11\/IMG_0312-300x169.jpg 300w\" sizes=\"auto, (max-width: 500px) 100vw, 500px\" \/><\/p>\n<p>Stage CLE + d\u00e9tection.<\/p>\n","protected":false},"excerpt":{"rendered":"<p>2 jeunes du club s&rsquo;illustrent en ce moment au niveau d\u00e9partemental. Il s&rsquo;agit de Fanny Cobrun et de Maxime Jouanneau. Ils ont particip\u00e9 au top d\u00e9partemental le vendredi 11 novembre \u00e0 Muzillac. Cette comp\u00e9tition regroupait 62 joueurs du Morbihan. Le lendemain, ils participaient \u00e0 une journ\u00e9e de regroupement du CLE et de d\u00e9tection qui avait &hellip; <\/p>\n<p><a class=\"more-link btn\" href=\"http:\/\/www.ajkvannes.com\/?p=6421\">Lire la suite<\/a><\/p>\n","protected":false},"author":1,"featured_media":0,"comment_status":"closed","ping_status":"closed","sticky":false,"template":"","format":"standard","meta":{"ngg_post_thumbnail":0,"footnotes":""},"categories":[8],"tags":[],"class_list":["post-6421","post","type-post","status-publish","format-standard","hentry","category-resultats","item-wrap"],"_links":{"self":[{"href":"http:\/\/www.ajkvannes.com\/index.php?rest_route=\/wp\/v2\/posts\/6421","targetHints":{"allow":["GET"]}}],"collection":[{"href":"http:\/\/www.ajkvannes.com\/index.php?rest_route=\/wp\/v2\/posts"}],"about":[{"href":"http:\/\/www.ajkvannes.com\/index.php?rest_route=\/wp\/v2\/types\/post"}],"author":[{"embeddable":true,"href":"http:\/\/www.ajkvannes.com\/index.php?rest_route=\/wp\/v2\/users\/1"}],"replies":[{"embeddable":true,"href":"http:\/\/www.ajkvannes.com\/index.php?rest_route=%2Fwp%2Fv2%2Fcomments&post=6421"}],"version-history":[{"count":1,"href":"http:\/\/www.ajkvannes.com\/index.php?rest_route=\/wp\/v2\/posts\/6421\/revisions"}],"predecessor-version":[{"id":6424,"href":"http:\/\/www.ajkvannes.com\/index.php?rest_route=\/wp\/v2\/posts\/6421\/revisions\/6424"}],"wp:attachment":[{"href":"http:\/\/www.ajkvannes.com\/index.php?rest_route=%2Fwp%2Fv2%2Fmedia&parent=6421"}],"wp:term":[{"taxonomy":"category","embeddable":true,"href":"http:\/\/www.ajkvannes.com\/index.php?rest_route=%2Fwp%2Fv2%2Fcategories&post=6421"},{"taxonomy":"post_tag","embeddable":true,"href":"http:\/\/www.ajkvannes.com\/index.php?rest_route=%2Fwp%2Fv2%2Ftags&post=6421"}],"curies":[{"name":"wp","href":"https:\/\/api.w.org\/{rel}","templated":true}]}}