{"id":6363,"date":"2016-09-11T14:23:18","date_gmt":"2016-09-11T12:23:18","guid":{"rendered":"http:\/\/www.ajkvannes.com\/?p=6363"},"modified":"2016-09-11T14:23:18","modified_gmt":"2016-09-11T12:23:18","slug":"1ere-journee-de-nationale-2-par-equipe","status":"publish","type":"post","link":"http:\/\/www.ajkvannes.com\/?p=6363","title":{"rendered":"1\u00e8re journ\u00e9e de Nationale 2 par \u00e9quipe"},"content":{"rendered":"<div style=\"padding-bottom:20px; padding-top:10px;\" class=\"hupso-share-buttons\"><!-- Hupso Share Buttons - https:\/\/www.hupso.com\/share\/ --><a class=\"hupso_toolbar\" href=\"https:\/\/www.hupso.com\/share\/\"><img decoding=\"async\" src=\"http:\/\/static.hupso.com\/share\/buttons\/dot.png\" style=\"border:0px; padding-top: 5px; float:left;\" alt=\"Share Button\"\/><\/a><script type=\"text\/javascript\">var hupso_services_t=new Array(\"Twitter\",\"Facebook\",\"Google Plus\",\"Print\");var hupso_background_t=\"#EAF4FF\";var hupso_border_t=\"#66CCFF\";var hupso_toolbar_size_t=\"big\";var hupso_image_folder_url = \"\";var hupso_url_t=\"\";var hupso_title_t=\"1%C3%A8re%20journ%C3%A9e%20de%20Nationale%202%20par%20%C3%A9quipe\";<\/script><script type=\"text\/javascript\" src=\"http:\/\/static.hupso.com\/share\/js\/share_toolbar.js\"><\/script><!-- Hupso Share Buttons --><\/div><p>Les joueuses de l&rsquo;AJK se d\u00e9placent \u00e0 Murs \u00c9rign\u00e9 pour la 1\u00e8re journ\u00e9e de championnat le samedi 17 septembre. \u00a0Les vannetaises connaissent bien cette \u00e9quipe qu&rsquo;elles ont souvent jou\u00e9e les saisons pr\u00e9c\u00e9dentes ou qu&rsquo;elles re\u00e7oivent r\u00e9guli\u00e8rement aux Masters de ping.<\/p>\n<p>Lucille Carrere a retrouv\u00e9 ses anciennes \u00e9quipi\u00e8res : Anne-Claire Raison, H\u00e9l\u00e8ne Guilbaut et Laurane Renard.<\/p>\n<p>&lsquo;C&rsquo;est donc une solide \u00e9quipe qu&rsquo;affrontera les joueuses de la capitaine H\u00e9l\u00e8ne Horel.<\/p>\n","protected":false},"excerpt":{"rendered":"<p>Les joueuses de l&rsquo;AJK se d\u00e9placent \u00e0 Murs \u00c9rign\u00e9 pour la 1\u00e8re journ\u00e9e de championnat le samedi 17 septembre. \u00a0Les vannetaises connaissent bien cette \u00e9quipe qu&rsquo;elles ont souvent jou\u00e9e les saisons pr\u00e9c\u00e9dentes ou qu&rsquo;elles re\u00e7oivent r\u00e9guli\u00e8rement aux Masters de ping. Lucille Carrere a retrouv\u00e9 ses anciennes \u00e9quipi\u00e8res : Anne-Claire Raison, H\u00e9l\u00e8ne Guilbaut et Laurane Renard. &hellip; <\/p>\n<p><a class=\"more-link btn\" href=\"http:\/\/www.ajkvannes.com\/?p=6363\">Lire la suite<\/a><\/p>\n","protected":false},"author":1,"featured_media":0,"comment_status":"closed","ping_status":"closed","sticky":false,"template":"","format":"standard","meta":{"ngg_post_thumbnail":0,"footnotes":""},"categories":[4],"tags":[],"class_list":["post-6363","post","type-post","status-publish","format-standard","hentry","category-cat-2","item-wrap"],"_links":{"self":[{"href":"http:\/\/www.ajkvannes.com\/index.php?rest_route=\/wp\/v2\/posts\/6363","targetHints":{"allow":["GET"]}}],"collection":[{"href":"http:\/\/www.ajkvannes.com\/index.php?rest_route=\/wp\/v2\/posts"}],"about":[{"href":"http:\/\/www.ajkvannes.com\/index.php?rest_route=\/wp\/v2\/types\/post"}],"author":[{"embeddable":true,"href":"http:\/\/www.ajkvannes.com\/index.php?rest_route=\/wp\/v2\/users\/1"}],"replies":[{"embeddable":true,"href":"http:\/\/www.ajkvannes.com\/index.php?rest_route=%2Fwp%2Fv2%2Fcomments&post=6363"}],"version-history":[{"count":1,"href":"http:\/\/www.ajkvannes.com\/index.php?rest_route=\/wp\/v2\/posts\/6363\/revisions"}],"predecessor-version":[{"id":6364,"href":"http:\/\/www.ajkvannes.com\/index.php?rest_route=\/wp\/v2\/posts\/6363\/revisions\/6364"}],"wp:attachment":[{"href":"http:\/\/www.ajkvannes.com\/index.php?rest_route=%2Fwp%2Fv2%2Fmedia&parent=6363"}],"wp:term":[{"taxonomy":"category","embeddable":true,"href":"http:\/\/www.ajkvannes.com\/index.php?rest_route=%2Fwp%2Fv2%2Fcategories&post=6363"},{"taxonomy":"post_tag","embeddable":true,"href":"http:\/\/www.ajkvannes.com\/index.php?rest_route=%2Fwp%2Fv2%2Ftags&post=6363"}],"curies":[{"name":"wp","href":"https:\/\/api.w.org\/{rel}","templated":true}]}}