{"id":6133,"date":"2016-05-13T23:13:23","date_gmt":"2016-05-13T21:13:23","guid":{"rendered":"http:\/\/www.ajkvannes.com\/?p=6133"},"modified":"2016-05-25T16:40:56","modified_gmt":"2016-05-25T14:40:56","slug":"championnats-de-bretagne","status":"publish","type":"post","link":"http:\/\/www.ajkvannes.com\/?p=6133","title":{"rendered":"Championnats de Bretagne"},"content":{"rendered":"<div style=\"padding-bottom:20px; padding-top:10px;\" class=\"hupso-share-buttons\"><!-- Hupso Share Buttons - https:\/\/www.hupso.com\/share\/ --><a class=\"hupso_toolbar\" href=\"https:\/\/www.hupso.com\/share\/\"><img decoding=\"async\" src=\"http:\/\/static.hupso.com\/share\/buttons\/dot.png\" style=\"border:0px; padding-top: 5px; float:left;\" alt=\"Share Button\"\/><\/a><script type=\"text\/javascript\">var hupso_services_t=new Array(\"Twitter\",\"Facebook\",\"Google Plus\",\"Print\");var hupso_background_t=\"#EAF4FF\";var hupso_border_t=\"#66CCFF\";var hupso_toolbar_size_t=\"big\";var hupso_image_folder_url = \"\";var hupso_url_t=\"\";var hupso_title_t=\"Championnats%20de%20Bretagne\";<\/script><script type=\"text\/javascript\" src=\"http:\/\/static.hupso.com\/share\/js\/share_toolbar.js\"><\/script><!-- Hupso Share Buttons --><\/div><p>Samedi 14 et dimanche 15 ont lieu les championnats de Bretagne \u00e0 Briec sur l&rsquo;Odet. En jeunes, Fanny Cobrun portera les couleurs du club dans la cat\u00e9gorie minimes et cadettes. Julie Clerivet, Elsa Bonin et Lucile Duault sont engag\u00e9es dans le tableau dames ainsi qu&rsquo;en doubles (Julie et Elsa). Julie et Elsa seront associ\u00e9es \u00e0 S\u00e9bastien Lamy Berrue et Thibault Pernet en doubles mixtes. Tous nos encouragements pour la comp\u00e9tition.\u00a0<img loading=\"lazy\" decoding=\"async\" class=\"aligncenter size-large wp-image-5793\" src=\"http:\/\/www.ajkvannes.com\/wp-content\/uploads\/2016\/04\/DSC_0147-681x1024.jpg\" alt=\"DSC_0147\" width=\"681\" height=\"1024\" srcset=\"http:\/\/www.ajkvannes.com\/wp-content\/uploads\/2016\/04\/DSC_0147-681x1024.jpg 681w, http:\/\/www.ajkvannes.com\/wp-content\/uploads\/2016\/04\/DSC_0147-200x301.jpg 200w, http:\/\/www.ajkvannes.com\/wp-content\/uploads\/2016\/04\/DSC_0147-199x300.jpg 199w, http:\/\/www.ajkvannes.com\/wp-content\/uploads\/2016\/04\/DSC_0147-768x1155.jpg 768w\" sizes=\"auto, (max-width: 681px) 100vw, 681px\" \/><img loading=\"lazy\" decoding=\"async\" class=\"aligncenter size-large wp-image-5806\" src=\"http:\/\/www.ajkvannes.com\/wp-content\/uploads\/2016\/04\/DSC_0951-681x1024.jpg\" alt=\"DSC_0951\" width=\"681\" height=\"1024\" srcset=\"http:\/\/www.ajkvannes.com\/wp-content\/uploads\/2016\/04\/DSC_0951-681x1024.jpg 681w, http:\/\/www.ajkvannes.com\/wp-content\/uploads\/2016\/04\/DSC_0951-200x301.jpg 200w, http:\/\/www.ajkvannes.com\/wp-content\/uploads\/2016\/04\/DSC_0951-199x300.jpg 199w, http:\/\/www.ajkvannes.com\/wp-content\/uploads\/2016\/04\/DSC_0951-768x1155.jpg 768w\" sizes=\"auto, (max-width: 681px) 100vw, 681px\" \/><\/p>\n<p>Les resultats :<\/p>\n<p>Fanny termine 2eme de sa poule en minimes filles et 3 eme de la poule dans la cat\u00e9gorie cadette.<\/p>\n<p>Elsa finit 2eme de poule derri\u00e8re Ma\u00eblys Gourdel du CPB Rennes puis s&rsquo;incline en 1\/8eme de finale sur \u00a0Camille Campion&rsquo;<\/p>\n<p>Julie termine aussi 2eme de poule derri\u00e8re Manon Le Moal du CPB Rennes puis s&rsquo;incline en 1\/8eme de finale sur Eva Andorin (Championne de Bretagne).<\/p>\n<p>En doubles dames, seuls 4 doubles engag\u00e9s, elle perdent en 1\/2 contre FORGET\/DELANZY.<\/p>\n<p>En doubles mixtes, Julie et S\u00e9bastien terminent 2 eme en s&rsquo;inclinant en finale sur la paire ANDORIN\/PALUD de Quimper qui avait battu Elsa et Thibault \u00a0en 1\/4.<img loading=\"lazy\" decoding=\"async\" class=\"aligncenter size-large wp-image-6148\" src=\"http:\/\/www.ajkvannes.com\/wp-content\/uploads\/2016\/05\/image-1-576x1024.jpeg\" alt=\"image\" width=\"576\" height=\"1024\" srcset=\"http:\/\/www.ajkvannes.com\/wp-content\/uploads\/2016\/05\/image-1-576x1024.jpeg 576w, http:\/\/www.ajkvannes.com\/wp-content\/uploads\/2016\/05\/image-1-200x356.jpeg 200w, http:\/\/www.ajkvannes.com\/wp-content\/uploads\/2016\/05\/image-1-169x300.jpeg 169w, http:\/\/www.ajkvannes.com\/wp-content\/uploads\/2016\/05\/image-1-768x1365.jpeg 768w, http:\/\/www.ajkvannes.com\/wp-content\/uploads\/2016\/05\/image-1.jpeg 1242w\" sizes=\"auto, (max-width: 576px) 100vw, 576px\" \/> <img loading=\"lazy\" decoding=\"async\" class=\"aligncenter size-large wp-image-6149\" src=\"http:\/\/www.ajkvannes.com\/wp-content\/uploads\/2016\/05\/image-2-576x1024.jpeg\" alt=\"image\" width=\"576\" height=\"1024\" srcset=\"http:\/\/www.ajkvannes.com\/wp-content\/uploads\/2016\/05\/image-2-576x1024.jpeg 576w, http:\/\/www.ajkvannes.com\/wp-content\/uploads\/2016\/05\/image-2-200x356.jpeg 200w, http:\/\/www.ajkvannes.com\/wp-content\/uploads\/2016\/05\/image-2-169x300.jpeg 169w, http:\/\/www.ajkvannes.com\/wp-content\/uploads\/2016\/05\/image-2-768x1365.jpeg 768w, http:\/\/www.ajkvannes.com\/wp-content\/uploads\/2016\/05\/image-2.jpeg 1242w\" sizes=\"auto, (max-width: 576px) 100vw, 576px\" \/> <img loading=\"lazy\" decoding=\"async\" class=\"aligncenter size-large wp-image-6150\" src=\"http:\/\/www.ajkvannes.com\/wp-content\/uploads\/2016\/05\/image-3-1024x768.jpeg\" alt=\"image\" width=\"1024\" height=\"768\" srcset=\"http:\/\/www.ajkvannes.com\/wp-content\/uploads\/2016\/05\/image-3-1024x768.jpeg 1024w, http:\/\/www.ajkvannes.com\/wp-content\/uploads\/2016\/05\/image-3-200x150.jpeg 200w, http:\/\/www.ajkvannes.com\/wp-content\/uploads\/2016\/05\/image-3-300x225.jpeg 300w, http:\/\/www.ajkvannes.com\/wp-content\/uploads\/2016\/05\/image-3-768x576.jpeg 768w\" sizes=\"auto, (max-width: 1024px) 100vw, 1024px\" \/><\/p>\n<p>&nbsp;<\/p>\n","protected":false},"excerpt":{"rendered":"<p>Samedi 14 et dimanche 15 ont lieu les championnats de Bretagne \u00e0 Briec sur l&rsquo;Odet. En jeunes, Fanny Cobrun portera les couleurs du club dans la cat\u00e9gorie minimes et cadettes. Julie Clerivet, Elsa Bonin et Lucile Duault sont engag\u00e9es dans le tableau dames ainsi qu&rsquo;en doubles (Julie et Elsa). Julie et Elsa seront associ\u00e9es \u00e0 &hellip; <\/p>\n<p><a class=\"more-link btn\" href=\"http:\/\/www.ajkvannes.com\/?p=6133\">Lire la suite<\/a><\/p>\n","protected":false},"author":1,"featured_media":0,"comment_status":"closed","ping_status":"closed","sticky":false,"template":"","format":"standard","meta":{"ngg_post_thumbnail":0,"footnotes":""},"categories":[1],"tags":[],"class_list":["post-6133","post","type-post","status-publish","format-standard","hentry","category-non-classe","item-wrap"],"_links":{"self":[{"href":"http:\/\/www.ajkvannes.com\/index.php?rest_route=\/wp\/v2\/posts\/6133","targetHints":{"allow":["GET"]}}],"collection":[{"href":"http:\/\/www.ajkvannes.com\/index.php?rest_route=\/wp\/v2\/posts"}],"about":[{"href":"http:\/\/www.ajkvannes.com\/index.php?rest_route=\/wp\/v2\/types\/post"}],"author":[{"embeddable":true,"href":"http:\/\/www.ajkvannes.com\/index.php?rest_route=\/wp\/v2\/users\/1"}],"replies":[{"embeddable":true,"href":"http:\/\/www.ajkvannes.com\/index.php?rest_route=%2Fwp%2Fv2%2Fcomments&post=6133"}],"version-history":[{"count":5,"href":"http:\/\/www.ajkvannes.com\/index.php?rest_route=\/wp\/v2\/posts\/6133\/revisions"}],"predecessor-version":[{"id":6151,"href":"http:\/\/www.ajkvannes.com\/index.php?rest_route=\/wp\/v2\/posts\/6133\/revisions\/6151"}],"wp:attachment":[{"href":"http:\/\/www.ajkvannes.com\/index.php?rest_route=%2Fwp%2Fv2%2Fmedia&parent=6133"}],"wp:term":[{"taxonomy":"category","embeddable":true,"href":"http:\/\/www.ajkvannes.com\/index.php?rest_route=%2Fwp%2Fv2%2Fcategories&post=6133"},{"taxonomy":"post_tag","embeddable":true,"href":"http:\/\/www.ajkvannes.com\/index.php?rest_route=%2Fwp%2Fv2%2Ftags&post=6133"}],"curies":[{"name":"wp","href":"https:\/\/api.w.org\/{rel}","templated":true}]}}