{"id":5739,"date":"2016-03-13T20:49:41","date_gmt":"2016-03-13T19:49:41","guid":{"rendered":"http:\/\/www.ajkvannes.com\/?p=5739"},"modified":"2016-03-14T08:57:59","modified_gmt":"2016-03-14T07:57:59","slug":"championnats-du-morbihan-2","status":"publish","type":"post","link":"http:\/\/www.ajkvannes.com\/?p=5739","title":{"rendered":"CHAMPIONNATS DU MORBIHAN"},"content":{"rendered":"<div style=\"padding-bottom:20px; padding-top:10px;\" class=\"hupso-share-buttons\"><!-- Hupso Share Buttons - https:\/\/www.hupso.com\/share\/ --><a class=\"hupso_toolbar\" href=\"https:\/\/www.hupso.com\/share\/\"><img decoding=\"async\" src=\"http:\/\/static.hupso.com\/share\/buttons\/dot.png\" style=\"border:0px; padding-top: 5px; float:left;\" alt=\"Share Button\"\/><\/a><script type=\"text\/javascript\">var hupso_services_t=new Array(\"Twitter\",\"Facebook\",\"Google Plus\",\"Print\");var hupso_background_t=\"#EAF4FF\";var hupso_border_t=\"#66CCFF\";var hupso_toolbar_size_t=\"big\";var hupso_image_folder_url = \"\";var hupso_url_t=\"\";var hupso_title_t=\"CHAMPIONNATS%20DU%20MORBIHAN\";<\/script><script type=\"text\/javascript\" src=\"http:\/\/static.hupso.com\/share\/js\/share_toolbar.js\"><\/script><!-- Hupso Share Buttons --><\/div><p>Samedi 19 et dimanche 20 mars, le club de l&rsquo;AJK accueille les championnats du Morbihan au complexe sportif de Kercado. Les cat\u00e9gories jeunes \u00e9volueront le samedi ainsi que les doubles mixtes. Le dimanche les seniors dames et messieurs de tout le d\u00e9partement s&rsquo;affronteront en simples et en doubles.<\/p>\n<p>Les adh\u00e9rents du club sont sollicit\u00e9s pour donner un coup de main ce week-end pour la r\u00e9ussite de cette organisation tr\u00e8s importante.<\/p>\n<p>Venez nombreux participer \u00e0 cette manifestation sportive.<\/p>\n<p><img loading=\"lazy\" decoding=\"async\" class=\"aligncenter size-full wp-image-5650\" src=\"http:\/\/www.ajkvannes.com\/wp-content\/uploads\/2016\/01\/affiche_CM2016_web.jpg\" alt=\"affiche_CM2016_web\" width=\"707\" height=\"1000\" srcset=\"http:\/\/www.ajkvannes.com\/wp-content\/uploads\/2016\/01\/affiche_CM2016_web.jpg 707w, http:\/\/www.ajkvannes.com\/wp-content\/uploads\/2016\/01\/affiche_CM2016_web-200x283.jpg 200w, http:\/\/www.ajkvannes.com\/wp-content\/uploads\/2016\/01\/affiche_CM2016_web-212x300.jpg 212w\" sizes=\"auto, (max-width: 707px) 100vw, 707px\" \/><\/p>\n<p>&nbsp;<\/p>\n<p>LE COMITE DEPARTEMENTAL DE TENNIS DE TABLE ET<br \/>\nLE CLUB DE L\u2019AJK VANNES<br \/>\nORGANISENT LE CHAMPIONNAT DU MORBIHAN 2016<\/p>\n<p>LIEU DE LA COMPETITION\u00a0:<br \/>\nComplexe Sportif de Kercado<br \/>\n56000 VANNES<\/p>\n<p>JUGE-ARBITRE\u00a0: CHAPALAIN Bernard (06 66 43 54 39)<\/p>\n<p>HORAIRES DU SAMEDI 19 MARS 2016 (Ouverture de la salle \u00e0 09h00)<\/p>\n<p>1- Pointage \u00e0 09h30 et d\u00e9but comp\u00e9tition \u00e0 10h00 pour\u00a0:<br \/>\nDoubles Jeunes (1 tour) MINIMES \u2013 CADETS &#8211; JUNIORS<br \/>\n2- Pointage \u00e0 10h00 et d\u00e9but comp\u00e9tition \u00e0 10h30 pour\u00a0:<br \/>\nMinimes gar\u00e7ons (- 13 ans) et Juniors Gar\u00e7ons (- 18 ans)<br \/>\n3- Pointage \u00e0 11h00 et d\u00e9but comp\u00e9tition \u00e0 11h30 pour\u00a0:<br \/>\nBenjamins (- 11 ans) et Cadets (- 15 ans)<br \/>\n4- Pointage \u00e0 12h00 et d\u00e9but comp\u00e9tition \u00e0 12h30 pour\u00a0:<br \/>\nToutes les f\u00e9minines<br \/>\nPoussins (- 9 ans)<br \/>\n5- Pointage \u00e0 14h30 et d\u00e9but comp\u00e9tition \u00e0 15h00 pour\u00a0:<br \/>\nDoubles mixtes seniors<\/p>\n<p>Les doubles mixtes se d\u00e9rouleront \u00e0 la condition que toutes les \u00e9quipes inscrites soient pr\u00e9sentes<\/p>\n<p>NB\u00a0: -Toutes les finales jeunes se d\u00e9roulent le samedi.<br \/>\n-Remise des r\u00e9compenses \u00e0 l\u2019issue de la comp\u00e9tition.<br \/>\n&#8212;&#8212;&#8212;&#8212;&#8212;&#8212;&#8212;&#8212;&#8212;&#8212;&#8212;&#8212;&#8212;&#8212;&#8212;&#8212;&#8212;&#8212;&#8212;&#8212;&#8212;&#8212;&#8212;&#8212;&#8212;&#8212;&#8212;&#8212;&#8212;&#8212;&#8212;&#8212;&#8212;&#8212;&#8212;&#8212;&#8212;&#8212;&#8212;&#8212;&#8212;&#8212;&#8212;&#8212;&#8212;&#8212;&#8212;&#8212;-<br \/>\nHORAIRES DU DIMANCHE 20 MARS 2016 (Ouverture de la salle \u00e0 08h00)<\/p>\n<p>DOUBLES SENIORS MESSIEURS 5 \u00e0 12 et DOUBLES SENIORS MESSIEURS 13 \u00e0 N\u00b0\u00a0(2 tours)<br \/>\n\uf0caPointage \u00e0 8h30, d\u00e9but de la comp\u00e9tition\u00a0: 09h00<\/p>\n<p>SENIORS\u00a0: MESSIEURS T1 (5 \u00e0 9) et T4 (17 \u00e0 n\u00b0)<br \/>\n\uf0caPointage \u00e0 09h00, d\u00e9but de la comp\u00e9tition\u00a0: 10h00<\/p>\n<p>SENIORS\u00a0: MESSIEURS T2 (10 \u00e0 12) et T3 (13 \u00e0 16)<br \/>\n\uf0caPointage \u00e0 10h00, d\u00e9but de la comp\u00e9tition\u00a0: 11h00<\/p>\n<p>HANDISPORT\u00a0:<br \/>\n\uf0caPointage \u00e0 13h30, d\u00e9but de la comp\u00e9tition\u00a0: 14h00<\/p>\n<p>SENIORS\u00a0: DAMES<br \/>\n\uf0caPointage \u00e0 10h30, doubles dames\u00a0: 11h00 (2 tours)<br \/>\n\uf0caPointage \u00e0 11h30, d\u00e9but de la comp\u00e9tition tableaux T1\/T2, T3, T4 : 12h00<\/p>\n<p>Les doubles dames se d\u00e9rouleront \u00e0 la condition que toutes les \u00e9quipes inscrites soient pr\u00e9sentes<\/p>\n<p>&#8212;&#8212;&#8212;&#8212;&#8212;&#8212;&#8212;&#8212;&#8212;&#8212;&#8212;&#8212;&#8212;&#8212;&#8212;&#8212;&#8212;&#8212;&#8212;&#8212;&#8212;&#8212;&#8212;&#8212;&#8212;&#8212;&#8212;&#8212;&#8212;&#8212;&#8212;&#8212;&#8212;&#8212;&#8212;&#8212;&#8212;&#8212;&#8212;&#8212;&#8212;&#8212;&#8212;&#8212;&#8212;&#8212;&#8212;&#8212;-<br \/>\nRAPPEL\u00a0: Aucune inscription sur place.<br \/>\nToute absence le jour de la comp\u00e9tition fera l\u2019objet d\u2019une amende de 35 \u20ac.<br \/>\nLe Championnat de Bretagne aura lieu les 14 et 15 mai 2016 \u00e0 Briec de l\u2019Odet (29)<\/p>\n<p>Pour toute absence avant le jour de la comp\u00e9tition, merci de pr\u00e9venir le Comit\u00e9 au 02 97 21 51 13,<br \/>\nAinsi que le Juge Arbitre Bernard CHAPALAIN au 06 66 43 54 39 ou par mail\u00a0: bernard.chapalain@wanadoo.fr<\/p>\n<p>RESTAURATION RAPIDE SUR PLACE<\/p>\n","protected":false},"excerpt":{"rendered":"<p>Samedi 19 et dimanche 20 mars, le club de l&rsquo;AJK accueille les championnats du Morbihan au complexe sportif de Kercado. Les cat\u00e9gories jeunes \u00e9volueront le samedi ainsi que les doubles mixtes. Le dimanche les seniors dames et messieurs de tout le d\u00e9partement s&rsquo;affronteront en simples et en doubles. Les adh\u00e9rents du club sont sollicit\u00e9s pour &hellip; <\/p>\n<p><a class=\"more-link btn\" href=\"http:\/\/www.ajkvannes.com\/?p=5739\">Lire la suite<\/a><\/p>\n","protected":false},"author":1,"featured_media":5744,"comment_status":"closed","ping_status":"closed","sticky":false,"template":"","format":"standard","meta":{"ngg_post_thumbnail":0,"footnotes":""},"categories":[3,1],"tags":[],"class_list":["post-5739","post","type-post","status-publish","format-standard","has-post-thumbnail","hentry","category-cat-1","category-non-classe","item-wrap"],"_links":{"self":[{"href":"http:\/\/www.ajkvannes.com\/index.php?rest_route=\/wp\/v2\/posts\/5739","targetHints":{"allow":["GET"]}}],"collection":[{"href":"http:\/\/www.ajkvannes.com\/index.php?rest_route=\/wp\/v2\/posts"}],"about":[{"href":"http:\/\/www.ajkvannes.com\/index.php?rest_route=\/wp\/v2\/types\/post"}],"author":[{"embeddable":true,"href":"http:\/\/www.ajkvannes.com\/index.php?rest_route=\/wp\/v2\/users\/1"}],"replies":[{"embeddable":true,"href":"http:\/\/www.ajkvannes.com\/index.php?rest_route=%2Fwp%2Fv2%2Fcomments&post=5739"}],"version-history":[{"count":4,"href":"http:\/\/www.ajkvannes.com\/index.php?rest_route=\/wp\/v2\/posts\/5739\/revisions"}],"predecessor-version":[{"id":5748,"href":"http:\/\/www.ajkvannes.com\/index.php?rest_route=\/wp\/v2\/posts\/5739\/revisions\/5748"}],"wp:featuredmedia":[{"embeddable":true,"href":"http:\/\/www.ajkvannes.com\/index.php?rest_route=\/wp\/v2\/media\/5744"}],"wp:attachment":[{"href":"http:\/\/www.ajkvannes.com\/index.php?rest_route=%2Fwp%2Fv2%2Fmedia&parent=5739"}],"wp:term":[{"taxonomy":"category","embeddable":true,"href":"http:\/\/www.ajkvannes.com\/index.php?rest_route=%2Fwp%2Fv2%2Fcategories&post=5739"},{"taxonomy":"post_tag","embeddable":true,"href":"http:\/\/www.ajkvannes.com\/index.php?rest_route=%2Fwp%2Fv2%2Ftags&post=5739"}],"curies":[{"name":"wp","href":"https:\/\/api.w.org\/{rel}","templated":true}]}}