{"id":5382,"date":"2015-09-16T12:50:49","date_gmt":"2015-09-16T10:50:49","guid":{"rendered":"http:\/\/www.ajkvannes.com\/?p=5382"},"modified":"2015-09-16T12:50:49","modified_gmt":"2015-09-16T10:50:49","slug":"nationale-2-feminine-1ere-journee","status":"publish","type":"post","link":"http:\/\/www.ajkvannes.com\/?p=5382","title":{"rendered":"Nationale 2 F\u00e9minine 1\u00e8re journ\u00e9e"},"content":{"rendered":"<div style=\"padding-bottom:20px; padding-top:10px;\" class=\"hupso-share-buttons\"><!-- Hupso Share Buttons - https:\/\/www.hupso.com\/share\/ --><a class=\"hupso_toolbar\" href=\"https:\/\/www.hupso.com\/share\/\"><img decoding=\"async\" src=\"http:\/\/static.hupso.com\/share\/buttons\/dot.png\" style=\"border:0px; padding-top: 5px; float:left;\" alt=\"Share Button\"\/><\/a><script type=\"text\/javascript\">var hupso_services_t=new Array(\"Twitter\",\"Facebook\",\"Google Plus\",\"Print\");var hupso_background_t=\"#EAF4FF\";var hupso_border_t=\"#66CCFF\";var hupso_toolbar_size_t=\"big\";var hupso_image_folder_url = \"\";var hupso_url_t=\"\";var hupso_title_t=\"Nationale%202%20F%C3%A9minine%201%C3%A8re%20journ%C3%A9e\";<\/script><script type=\"text\/javascript\" src=\"http:\/\/static.hupso.com\/share\/js\/share_toolbar.js\"><\/script><!-- Hupso Share Buttons --><\/div><p>Samedi 19 septembre \u00e0 14h00, les vannetaises re\u00e7oivent l&rsquo;\u00e9quipe de M\u00fbrs Erign\u00e9. Elles esp\u00e8rent bien d\u00e9marrer le championnat par un bon r\u00e9sultat \u00e0 domicile.<\/p>\n<p>Attention changement de l&rsquo;horaire, le match d\u00e9butera \u00e0 14h00.<\/p>\n<p><strong>Composition de l&rsquo;\u00e9quipe de l&rsquo;AJK :<\/strong><\/p>\n<p>Solenn ROLLANDO n181<\/p>\n<p>H\u00e9l\u00e8ne HOREL n281<\/p>\n<p>Justine GUGUIN n285<\/p>\n<p>Elsa BONIN 14<\/p>\n<p>Elo\u00efse CORRE 14<\/p>\n<p>Lucile DUAULT 13<\/p>\n<p><strong>Equipe de M\u00fbrs Erign\u00e9<\/strong><\/p>\n<p>RENARD n188, RAISON n300, GUILBAULT 15, PLOQUIN 14<\/p>\n<p>&nbsp;<\/p>\n<p>Salle n3<\/p>\n<p>Complexe sportif de Kercado<\/p>\n<p>Avenue Winston Churchill<\/p>\n<p>56000 Vannes<a href=\"http:\/\/www.ajkvannes.com\/wp-content\/uploads\/2015\/09\/N2-ajk-murserign-.jpg\"><img loading=\"lazy\" decoding=\"async\" class=\"aligncenter size-large wp-image-5383\" src=\"http:\/\/www.ajkvannes.com\/wp-content\/uploads\/2015\/09\/N2-ajk-murserign--724x1024.jpg\" alt=\"N2 ajk murserign\" width=\"724\" height=\"1024\" srcset=\"http:\/\/www.ajkvannes.com\/wp-content\/uploads\/2015\/09\/N2-ajk-murserign--724x1024.jpg 724w, http:\/\/www.ajkvannes.com\/wp-content\/uploads\/2015\/09\/N2-ajk-murserign--200x283.jpg 200w, http:\/\/www.ajkvannes.com\/wp-content\/uploads\/2015\/09\/N2-ajk-murserign--212x300.jpg 212w, http:\/\/www.ajkvannes.com\/wp-content\/uploads\/2015\/09\/N2-ajk-murserign-.jpg 842w\" sizes=\"auto, (max-width: 724px) 100vw, 724px\" \/><\/a><\/p>\n","protected":false},"excerpt":{"rendered":"<p>Samedi 19 septembre \u00e0 14h00, les vannetaises re\u00e7oivent l&rsquo;\u00e9quipe de M\u00fbrs Erign\u00e9. Elles esp\u00e8rent bien d\u00e9marrer le championnat par un bon r\u00e9sultat \u00e0 domicile. Attention changement de l&rsquo;horaire, le match d\u00e9butera \u00e0 14h00. Composition de l&rsquo;\u00e9quipe de l&rsquo;AJK : Solenn ROLLANDO n181 H\u00e9l\u00e8ne HOREL n281 Justine GUGUIN n285 Elsa BONIN 14 Elo\u00efse CORRE 14 Lucile &hellip; <\/p>\n<p><a class=\"more-link btn\" href=\"http:\/\/www.ajkvannes.com\/?p=5382\">Lire la suite<\/a><\/p>\n","protected":false},"author":1,"featured_media":0,"comment_status":"closed","ping_status":"closed","sticky":false,"template":"","format":"standard","meta":{"ngg_post_thumbnail":0,"footnotes":""},"categories":[4],"tags":[],"class_list":["post-5382","post","type-post","status-publish","format-standard","hentry","category-cat-2","item-wrap"],"_links":{"self":[{"href":"http:\/\/www.ajkvannes.com\/index.php?rest_route=\/wp\/v2\/posts\/5382","targetHints":{"allow":["GET"]}}],"collection":[{"href":"http:\/\/www.ajkvannes.com\/index.php?rest_route=\/wp\/v2\/posts"}],"about":[{"href":"http:\/\/www.ajkvannes.com\/index.php?rest_route=\/wp\/v2\/types\/post"}],"author":[{"embeddable":true,"href":"http:\/\/www.ajkvannes.com\/index.php?rest_route=\/wp\/v2\/users\/1"}],"replies":[{"embeddable":true,"href":"http:\/\/www.ajkvannes.com\/index.php?rest_route=%2Fwp%2Fv2%2Fcomments&post=5382"}],"version-history":[{"count":1,"href":"http:\/\/www.ajkvannes.com\/index.php?rest_route=\/wp\/v2\/posts\/5382\/revisions"}],"predecessor-version":[{"id":5384,"href":"http:\/\/www.ajkvannes.com\/index.php?rest_route=\/wp\/v2\/posts\/5382\/revisions\/5384"}],"wp:attachment":[{"href":"http:\/\/www.ajkvannes.com\/index.php?rest_route=%2Fwp%2Fv2%2Fmedia&parent=5382"}],"wp:term":[{"taxonomy":"category","embeddable":true,"href":"http:\/\/www.ajkvannes.com\/index.php?rest_route=%2Fwp%2Fv2%2Fcategories&post=5382"},{"taxonomy":"post_tag","embeddable":true,"href":"http:\/\/www.ajkvannes.com\/index.php?rest_route=%2Fwp%2Fv2%2Ftags&post=5382"}],"curies":[{"name":"wp","href":"https:\/\/api.w.org\/{rel}","templated":true}]}}