{"id":4494,"date":"2015-06-08T20:54:54","date_gmt":"2015-06-08T18:54:54","guid":{"rendered":"http:\/\/www.ajkvannes.com\/?p=4494"},"modified":"2015-06-08T20:54:54","modified_gmt":"2015-06-08T18:54:54","slug":"championnat-de-bretagne-dinan","status":"publish","type":"post","link":"http:\/\/www.ajkvannes.com\/?p=4494","title":{"rendered":"Championnat de Bretagne Dinan"},"content":{"rendered":"<div style=\"padding-bottom:20px; padding-top:10px;\" class=\"hupso-share-buttons\"><!-- Hupso Share Buttons - https:\/\/www.hupso.com\/share\/ --><a class=\"hupso_toolbar\" href=\"https:\/\/www.hupso.com\/share\/\"><img decoding=\"async\" src=\"http:\/\/static.hupso.com\/share\/buttons\/dot.png\" style=\"border:0px; padding-top: 5px; float:left;\" alt=\"Share Button\"\/><\/a><script type=\"text\/javascript\">var hupso_services_t=new Array(\"Twitter\",\"Facebook\",\"Google Plus\",\"Print\");var hupso_background_t=\"#EAF4FF\";var hupso_border_t=\"#66CCFF\";var hupso_toolbar_size_t=\"big\";var hupso_image_folder_url = \"\";var hupso_url_t=\"\";var hupso_title_t=\"Championnat%20de%20Bretagne%20Dinan\";<\/script><script type=\"text\/javascript\" src=\"http:\/\/static.hupso.com\/share\/js\/share_toolbar.js\"><\/script><!-- Hupso Share Buttons --><\/div><p>Fanny, Justine et Solenn ont particip\u00e9 au championnat de Bretagne les 6 et 7 juin \u00e0 Dinan.<br \/>\nFanny finit 3\u00e8me de la poule en minimes filles, elle perd ses 2 matchs sur des joueuses plus fortes qu&rsquo;elle mais elle s&rsquo;est bien d\u00e9fendue contre Cyrielle SEGOUIN qui est benjamine comme elle.<br \/>\nEn benjamines, elle termine 2\u00e8me de sa poule en s&rsquo;inclinant \u00e0 nouveau sur Cyrielle mais remporte ses deux autres matchs contre des poussines. Elle est qualifi\u00e9e en 1\/4 de finale o\u00f9 elle est battue par L\u00e9onie PERCHOC de Loperhet, future championne de Bretagne benjamine. Fanny s&rsquo;est tr\u00e8s bien comport\u00e9e, elle a \u00e9t\u00e9 \u00e0 l&rsquo;\u00e9coute des conseils et ne peut que progresser.<\/p>\n<p>En s\u00e9niors dames, Justine finit 2\u00e8me de sa poule derri\u00e8re Lucille CARRERE de la TA Rennes. En 1\/8\u00e8me, elle m\u00e8ne 3 sets \u00e0 0 sur Manon LE MOAL mais s&rsquo;incline 4-3.<br \/>\nSolenn finit 1\u00e8re de poule, gagne en 1\/8\u00e8me sur Charl\u00e8ne BARDON mais perd le dimanche matin en 1\/4 contre Coralie GARRIGUE de Thorign\u00e9 Fouillard.<\/p>\n<p>En doubles, la paire ROLLANDO-GUGUIN \u00e9tait en 1\/2 finale sans avoir eu \u00e0 jouer. Elles se qualifient pour la finale en s&rsquo;imposant face \u00e0 CARRERE-ROBIN de la TA Rennes. Elles s&rsquo;inclinent 3-1 face \u00e0 BONDOUX-GARRIGUE de Thorign\u00e9-Fouillard et terminent donc sur la 2\u00e8me marche du podium.<\/p>\n<p><a href=\"http:\/\/www.ajkvannes.com\/wp-content\/uploads\/2015\/06\/Fanny-BZH.jpg\"><img loading=\"lazy\" decoding=\"async\" class=\"aligncenter size-large wp-image-4495\" src=\"http:\/\/www.ajkvannes.com\/wp-content\/uploads\/2015\/06\/Fanny-BZH-768x1024.jpg\" alt=\"Fanny BZH\" width=\"768\" height=\"1024\" srcset=\"http:\/\/www.ajkvannes.com\/wp-content\/uploads\/2015\/06\/Fanny-BZH-768x1024.jpg 768w, http:\/\/www.ajkvannes.com\/wp-content\/uploads\/2015\/06\/Fanny-BZH-200x267.jpg 200w, http:\/\/www.ajkvannes.com\/wp-content\/uploads\/2015\/06\/Fanny-BZH-225x300.jpg 225w, http:\/\/www.ajkvannes.com\/wp-content\/uploads\/2015\/06\/Fanny-BZH-900x1200.jpg 900w, http:\/\/www.ajkvannes.com\/wp-content\/uploads\/2015\/06\/Fanny-BZH.jpg 1536w\" sizes=\"auto, (max-width: 768px) 100vw, 768px\" \/><\/a> <a href=\"http:\/\/www.ajkvannes.com\/wp-content\/uploads\/2015\/06\/fanny-contre-cyrielle.jpg\"><img loading=\"lazy\" decoding=\"async\" class=\"aligncenter size-large wp-image-4496\" src=\"http:\/\/www.ajkvannes.com\/wp-content\/uploads\/2015\/06\/fanny-contre-cyrielle-1024x768.jpg\" alt=\"fanny contre cyrielle\" width=\"1024\" height=\"768\" srcset=\"http:\/\/www.ajkvannes.com\/wp-content\/uploads\/2015\/06\/fanny-contre-cyrielle-1024x768.jpg 1024w, http:\/\/www.ajkvannes.com\/wp-content\/uploads\/2015\/06\/fanny-contre-cyrielle-200x150.jpg 200w, http:\/\/www.ajkvannes.com\/wp-content\/uploads\/2015\/06\/fanny-contre-cyrielle-300x225.jpg 300w, http:\/\/www.ajkvannes.com\/wp-content\/uploads\/2015\/06\/fanny-contre-cyrielle-900x675.jpg 900w, http:\/\/www.ajkvannes.com\/wp-content\/uploads\/2015\/06\/fanny-contre-cyrielle.jpg 2048w\" sizes=\"auto, (max-width: 1024px) 100vw, 1024px\" \/><\/a> <a href=\"http:\/\/www.ajkvannes.com\/wp-content\/uploads\/2015\/06\/fanny-contre-L\u00e9onie.jpg\"><img loading=\"lazy\" decoding=\"async\" class=\"aligncenter size-large wp-image-4497\" src=\"http:\/\/www.ajkvannes.com\/wp-content\/uploads\/2015\/06\/fanny-contre-L\u00e9onie-1024x768.jpg\" alt=\"fanny contre L\u00e9onie\" width=\"1024\" height=\"768\" srcset=\"http:\/\/www.ajkvannes.com\/wp-content\/uploads\/2015\/06\/fanny-contre-L\u00e9onie-1024x768.jpg 1024w, http:\/\/www.ajkvannes.com\/wp-content\/uploads\/2015\/06\/fanny-contre-L\u00e9onie-200x150.jpg 200w, http:\/\/www.ajkvannes.com\/wp-content\/uploads\/2015\/06\/fanny-contre-L\u00e9onie-300x225.jpg 300w, http:\/\/www.ajkvannes.com\/wp-content\/uploads\/2015\/06\/fanny-contre-L\u00e9onie-900x675.jpg 900w, http:\/\/www.ajkvannes.com\/wp-content\/uploads\/2015\/06\/fanny-contre-L\u00e9onie.jpg 2048w\" sizes=\"auto, (max-width: 1024px) 100vw, 1024px\" \/><\/a> <a href=\"http:\/\/www.ajkvannes.com\/wp-content\/uploads\/2015\/06\/podium-doubles-dames.jpg\"><img loading=\"lazy\" decoding=\"async\" class=\"aligncenter size-large wp-image-4498\" src=\"http:\/\/www.ajkvannes.com\/wp-content\/uploads\/2015\/06\/podium-doubles-dames-1024x612.jpg\" alt=\"podium doubles dames\" width=\"1024\" height=\"612\" srcset=\"http:\/\/www.ajkvannes.com\/wp-content\/uploads\/2015\/06\/podium-doubles-dames-1024x612.jpg 1024w, http:\/\/www.ajkvannes.com\/wp-content\/uploads\/2015\/06\/podium-doubles-dames-200x120.jpg 200w, http:\/\/www.ajkvannes.com\/wp-content\/uploads\/2015\/06\/podium-doubles-dames-300x179.jpg 300w, http:\/\/www.ajkvannes.com\/wp-content\/uploads\/2015\/06\/podium-doubles-dames-900x538.jpg 900w, http:\/\/www.ajkvannes.com\/wp-content\/uploads\/2015\/06\/podium-doubles-dames.jpg 2048w\" sizes=\"auto, (max-width: 1024px) 100vw, 1024px\" \/><\/a><\/p>\n","protected":false},"excerpt":{"rendered":"<p>Fanny, Justine et Solenn ont particip\u00e9 au championnat de Bretagne les 6 et 7 juin \u00e0 Dinan. Fanny finit 3\u00e8me de la poule en minimes filles, elle perd ses 2 matchs sur des joueuses plus fortes qu&rsquo;elle mais elle s&rsquo;est bien d\u00e9fendue contre Cyrielle SEGOUIN qui est benjamine comme elle. En benjamines, elle termine 2\u00e8me &hellip; <\/p>\n<p><a class=\"more-link btn\" href=\"http:\/\/www.ajkvannes.com\/?p=4494\">Lire la suite<\/a><\/p>\n","protected":false},"author":1,"featured_media":0,"comment_status":"closed","ping_status":"closed","sticky":false,"template":"","format":"standard","meta":{"ngg_post_thumbnail":0,"footnotes":""},"categories":[1],"tags":[],"class_list":["post-4494","post","type-post","status-publish","format-standard","hentry","category-non-classe","item-wrap"],"_links":{"self":[{"href":"http:\/\/www.ajkvannes.com\/index.php?rest_route=\/wp\/v2\/posts\/4494","targetHints":{"allow":["GET"]}}],"collection":[{"href":"http:\/\/www.ajkvannes.com\/index.php?rest_route=\/wp\/v2\/posts"}],"about":[{"href":"http:\/\/www.ajkvannes.com\/index.php?rest_route=\/wp\/v2\/types\/post"}],"author":[{"embeddable":true,"href":"http:\/\/www.ajkvannes.com\/index.php?rest_route=\/wp\/v2\/users\/1"}],"replies":[{"embeddable":true,"href":"http:\/\/www.ajkvannes.com\/index.php?rest_route=%2Fwp%2Fv2%2Fcomments&post=4494"}],"version-history":[{"count":1,"href":"http:\/\/www.ajkvannes.com\/index.php?rest_route=\/wp\/v2\/posts\/4494\/revisions"}],"predecessor-version":[{"id":4499,"href":"http:\/\/www.ajkvannes.com\/index.php?rest_route=\/wp\/v2\/posts\/4494\/revisions\/4499"}],"wp:attachment":[{"href":"http:\/\/www.ajkvannes.com\/index.php?rest_route=%2Fwp%2Fv2%2Fmedia&parent=4494"}],"wp:term":[{"taxonomy":"category","embeddable":true,"href":"http:\/\/www.ajkvannes.com\/index.php?rest_route=%2Fwp%2Fv2%2Fcategories&post=4494"},{"taxonomy":"post_tag","embeddable":true,"href":"http:\/\/www.ajkvannes.com\/index.php?rest_route=%2Fwp%2Fv2%2Ftags&post=4494"}],"curies":[{"name":"wp","href":"https:\/\/api.w.org\/{rel}","templated":true}]}}