{"id":4429,"date":"2015-04-23T15:33:51","date_gmt":"2015-04-23T13:33:51","guid":{"rendered":"http:\/\/www.ajkvannes.com\/?p=4429"},"modified":"2015-04-27T17:22:32","modified_gmt":"2015-04-27T15:22:32","slug":"bonne-3eme-place-de-la-n2-feminine","status":"publish","type":"post","link":"http:\/\/www.ajkvannes.com\/?p=4429","title":{"rendered":"Bonne 3\u00e8me place de la N2 F\u00e9minine"},"content":{"rendered":"<div style=\"padding-bottom:20px; padding-top:10px;\" class=\"hupso-share-buttons\"><!-- Hupso Share Buttons - https:\/\/www.hupso.com\/share\/ --><a class=\"hupso_toolbar\" href=\"https:\/\/www.hupso.com\/share\/\"><img decoding=\"async\" src=\"http:\/\/static.hupso.com\/share\/buttons\/dot.png\" style=\"border:0px; padding-top: 5px; float:left;\" alt=\"Share Button\"\/><\/a><script type=\"text\/javascript\">var hupso_services_t=new Array(\"Twitter\",\"Facebook\",\"Google Plus\",\"Print\");var hupso_background_t=\"#EAF4FF\";var hupso_border_t=\"#66CCFF\";var hupso_toolbar_size_t=\"big\";var hupso_image_folder_url = \"\";var hupso_url_t=\"\";var hupso_title_t=\"Bonne%203%C3%A8me%20place%20de%20la%20N2%20F%C3%A9minine\";<\/script><script type=\"text\/javascript\" src=\"http:\/\/static.hupso.com\/share\/js\/share_toolbar.js\"><\/script><!-- Hupso Share Buttons --><\/div><p>Malgr\u00e9 une d\u00e9faite s\u00e9v\u00e8re \u00e0 domicile face \u00e0 une \u00e9quipe de Tours tr\u00e8s solide, les vannetaises terminent \u00e0 la 3\u00e8me place de leur poule.<\/p>\n<p>Elo\u00efse, op\u00e9r\u00e9e du m\u00e9nisque, \u00e9tait venue encourager et coacher ses co\u00e9quipi\u00e8res pour le dernier match de la saison.<\/p>\n<p><a href=\"http:\/\/www.ajkvannes.com\/wp-content\/uploads\/2015\/04\/SAM_4592.jpg\"><img loading=\"lazy\" decoding=\"async\" class=\"aligncenter size-large wp-image-4430\" src=\"http:\/\/www.ajkvannes.com\/wp-content\/uploads\/2015\/04\/SAM_4592-1024x768.jpg\" alt=\"Pr\u00e9sentation des \u00e9quipes et remise des macarons de chez Chartier aux adversaires\" width=\"1024\" height=\"768\" srcset=\"http:\/\/www.ajkvannes.com\/wp-content\/uploads\/2015\/04\/SAM_4592-1024x768.jpg 1024w, http:\/\/www.ajkvannes.com\/wp-content\/uploads\/2015\/04\/SAM_4592-200x150.jpg 200w, http:\/\/www.ajkvannes.com\/wp-content\/uploads\/2015\/04\/SAM_4592-300x225.jpg 300w, http:\/\/www.ajkvannes.com\/wp-content\/uploads\/2015\/04\/SAM_4592-900x675.jpg 900w\" sizes=\"auto, (max-width: 1024px) 100vw, 1024px\" \/><\/a><\/p>\n","protected":false},"excerpt":{"rendered":"<p>Malgr\u00e9 une d\u00e9faite s\u00e9v\u00e8re \u00e0 domicile face \u00e0 une \u00e9quipe de Tours tr\u00e8s solide, les vannetaises terminent \u00e0 la 3\u00e8me place de leur poule. Elo\u00efse, op\u00e9r\u00e9e du m\u00e9nisque, \u00e9tait venue encourager et coacher ses co\u00e9quipi\u00e8res pour le dernier match de la saison.<\/p>\n","protected":false},"author":1,"featured_media":4430,"comment_status":"closed","ping_status":"closed","sticky":false,"template":"","format":"standard","meta":{"ngg_post_thumbnail":0,"footnotes":""},"categories":[8],"tags":[],"class_list":["post-4429","post","type-post","status-publish","format-standard","has-post-thumbnail","hentry","category-resultats","item-wrap"],"_links":{"self":[{"href":"http:\/\/www.ajkvannes.com\/index.php?rest_route=\/wp\/v2\/posts\/4429","targetHints":{"allow":["GET"]}}],"collection":[{"href":"http:\/\/www.ajkvannes.com\/index.php?rest_route=\/wp\/v2\/posts"}],"about":[{"href":"http:\/\/www.ajkvannes.com\/index.php?rest_route=\/wp\/v2\/types\/post"}],"author":[{"embeddable":true,"href":"http:\/\/www.ajkvannes.com\/index.php?rest_route=\/wp\/v2\/users\/1"}],"replies":[{"embeddable":true,"href":"http:\/\/www.ajkvannes.com\/index.php?rest_route=%2Fwp%2Fv2%2Fcomments&post=4429"}],"version-history":[{"count":1,"href":"http:\/\/www.ajkvannes.com\/index.php?rest_route=\/wp\/v2\/posts\/4429\/revisions"}],"predecessor-version":[{"id":4431,"href":"http:\/\/www.ajkvannes.com\/index.php?rest_route=\/wp\/v2\/posts\/4429\/revisions\/4431"}],"wp:featuredmedia":[{"embeddable":true,"href":"http:\/\/www.ajkvannes.com\/index.php?rest_route=\/wp\/v2\/media\/4430"}],"wp:attachment":[{"href":"http:\/\/www.ajkvannes.com\/index.php?rest_route=%2Fwp%2Fv2%2Fmedia&parent=4429"}],"wp:term":[{"taxonomy":"category","embeddable":true,"href":"http:\/\/www.ajkvannes.com\/index.php?rest_route=%2Fwp%2Fv2%2Fcategories&post=4429"},{"taxonomy":"post_tag","embeddable":true,"href":"http:\/\/www.ajkvannes.com\/index.php?rest_route=%2Fwp%2Fv2%2Ftags&post=4429"}],"curies":[{"name":"wp","href":"https:\/\/api.w.org\/{rel}","templated":true}]}}