{"id":225700,"date":"2025-09-12T19:08:54","date_gmt":"2025-09-12T18:08:54","guid":{"rendered":"https:\/\/www.ajkvannes.com\/?p=225700"},"modified":"2025-09-12T19:08:54","modified_gmt":"2025-09-12T18:08:54","slug":"journee-de-reprise","status":"publish","type":"post","link":"http:\/\/www.ajkvannes.com\/?p=225700","title":{"rendered":"Journ\u00e9e de reprise"},"content":{"rendered":"<div style=\"padding-bottom:20px; padding-top:10px;\" class=\"hupso-share-buttons\"><!-- Hupso Share Buttons - https:\/\/www.hupso.com\/share\/ --><a class=\"hupso_toolbar\" href=\"https:\/\/www.hupso.com\/share\/\"><img decoding=\"async\" src=\"http:\/\/static.hupso.com\/share\/buttons\/dot.png\" style=\"border:0px; padding-top: 5px; float:left;\" alt=\"Share Button\"\/><\/a><script type=\"text\/javascript\">var hupso_services_t=new Array(\"Twitter\",\"Facebook\",\"Google Plus\",\"Print\");var hupso_background_t=\"#EAF4FF\";var hupso_border_t=\"#66CCFF\";var hupso_toolbar_size_t=\"big\";var hupso_image_folder_url = \"\";var hupso_url_t=\"\";var hupso_title_t=\"Journ%C3%A9e%20de%20reprise\";<\/script><script type=\"text\/javascript\" src=\"http:\/\/static.hupso.com\/share\/js\/share_toolbar.js\"><\/script><!-- Hupso Share Buttons --><\/div><p><a href=\"http:\/\/www.ajkvannes.com\/wp-content\/uploads\/2025\/09\/Journee-de-rentree.png\"><img loading=\"lazy\" decoding=\"async\" class=\"aligncenter wp-image-225701 size-full\" src=\"http:\/\/www.ajkvannes.com\/wp-content\/uploads\/2025\/09\/Journee-de-rentree.png\" alt=\"\" width=\"963\" height=\"626\" srcset=\"http:\/\/www.ajkvannes.com\/wp-content\/uploads\/2025\/09\/Journee-de-rentree.png 963w, http:\/\/www.ajkvannes.com\/wp-content\/uploads\/2025\/09\/Journee-de-rentree-300x195.png 300w, http:\/\/www.ajkvannes.com\/wp-content\/uploads\/2025\/09\/Journee-de-rentree-768x499.png 768w, http:\/\/www.ajkvannes.com\/wp-content\/uploads\/2025\/09\/Journee-de-rentree-750x488.png 750w\" sizes=\"auto, (max-width: 963px) 100vw, 963px\" \/><\/a><\/p>\n<p>Journ\u00e9e de reprise le dimanche 7 septembre : une vingtaine de<br \/>\npongistes ont particip\u00e9 \u00e0 un petit tournoi suivi d&rsquo;un barbecue<br \/>\nconvivial.<br \/>\nC&rsquo;est reparti pour une nouvelle saison !<\/p>\n","protected":false},"excerpt":{"rendered":"<p>Journ\u00e9e de reprise le dimanche 7 septembre : une vingtaine de pongistes ont particip\u00e9 \u00e0 un petit tournoi suivi d&rsquo;un barbecue convivial. C&rsquo;est reparti pour une nouvelle saison !<\/p>\n","protected":false},"author":6,"featured_media":0,"comment_status":"closed","ping_status":"closed","sticky":false,"template":"","format":"standard","meta":{"ngg_post_thumbnail":0,"footnotes":""},"categories":[1],"tags":[],"class_list":["post-225700","post","type-post","status-publish","format-standard","hentry","category-non-classe","item-wrap"],"_links":{"self":[{"href":"http:\/\/www.ajkvannes.com\/index.php?rest_route=\/wp\/v2\/posts\/225700","targetHints":{"allow":["GET"]}}],"collection":[{"href":"http:\/\/www.ajkvannes.com\/index.php?rest_route=\/wp\/v2\/posts"}],"about":[{"href":"http:\/\/www.ajkvannes.com\/index.php?rest_route=\/wp\/v2\/types\/post"}],"author":[{"embeddable":true,"href":"http:\/\/www.ajkvannes.com\/index.php?rest_route=\/wp\/v2\/users\/6"}],"replies":[{"embeddable":true,"href":"http:\/\/www.ajkvannes.com\/index.php?rest_route=%2Fwp%2Fv2%2Fcomments&post=225700"}],"version-history":[{"count":4,"href":"http:\/\/www.ajkvannes.com\/index.php?rest_route=\/wp\/v2\/posts\/225700\/revisions"}],"predecessor-version":[{"id":225705,"href":"http:\/\/www.ajkvannes.com\/index.php?rest_route=\/wp\/v2\/posts\/225700\/revisions\/225705"}],"wp:attachment":[{"href":"http:\/\/www.ajkvannes.com\/index.php?rest_route=%2Fwp%2Fv2%2Fmedia&parent=225700"}],"wp:term":[{"taxonomy":"category","embeddable":true,"href":"http:\/\/www.ajkvannes.com\/index.php?rest_route=%2Fwp%2Fv2%2Fcategories&post=225700"},{"taxonomy":"post_tag","embeddable":true,"href":"http:\/\/www.ajkvannes.com\/index.php?rest_route=%2Fwp%2Fv2%2Ftags&post=225700"}],"curies":[{"name":"wp","href":"https:\/\/api.w.org\/{rel}","templated":true}]}}